{"id":7826,"date":"2019-06-07T16:35:37","date_gmt":"2019-06-07T14:35:37","guid":{"rendered":"https:\/\/alpen-tour.at\/?p=7826"},"modified":"2019-06-07T16:35:53","modified_gmt":"2019-06-07T14:35:53","slug":"bericht-2-etappe-kein-kraut-gewachsen-gegen-gesamtfuehrenden-paez","status":"publish","type":"post","link":"https:\/\/alpen-tour.at\/de\/bericht-2-etappe-kein-kraut-gewachsen-gegen-gesamtfuehrenden-paez\/","title":{"rendered":"Bericht 2. Etappe: Kein Kraut gewachsen gegen Gesamtf\u00fchrenden Paez"},"content":{"rendered":"\n<p>Im Gegensatz zur Er\u00f6ffnungsetappe warteten die Favoriten auf\ndem zweiten Tagesabschnitt l\u00e4nger, ehe die ersten Attacken erfolgte. In einer\nnoch gr\u00f6\u00dferen Gruppe wurde der erste Anstieg auf die Reiteralm absolviert. Erst\nals es in die technisch steile und schwierige Auffahrt auf die Hochwurzen ging,\nwurde das Tempo angezogen und erneut war es der Kolumbianer Leonardo Paez, der\nsich von den weiteren Topfahrern absetzen konnte. \u201eMeine Form ist einfach nur\nWeltklasse zurzeit. So macht es nat\u00fcrlich einen riesigen Spa\u00df zu fahren\u201c,\nerkl\u00e4rte der Kolumbianer, der mit einem Vorsprung von 33 Sekunden auf den\nDeutschen Jochen K\u00e4\u00df seinen zweiten Etappensieg 2019 feierte.<\/p>\n\n\n\n<p>\u201eIch bin sehr zufrieden. Mein Ziel ist eine Topplatzierung\nin der Gesamtwertung. Gestern konnte ich den R\u00fcckstand in Grenzen halten und\nmit Platz zwei habe ich heute einen gro\u00dfen Sprung in der Gesamtwertung gemacht\u201c,\nerkl\u00e4rte K\u00e4\u00df, der die erste Etappe auf Rang sieben beendete: \u201eEs kommen noch\nzwei harte Etappen auf uns. Einige waren schon vom ersten Tag ein wenig m\u00fcde\nund am zweiten langen Anstieg hatten viele Respekt, darum waren wir noch eine\ngute Gruppe. Im Trail konnte ich noch einige Zeit auf Mensi herausfahren\u201c. Der\nItaliener Daniele Mensi, gestern Tageszweiter, lag noch bei der Bergwertung\nHochwurzen vor dem Deutschen, wurde aber in der finalen Abfahrt nach Schladming\nnoch abgefangen. Den erneuten Tagessieger aus Kolumbien konnte K\u00e4\u00df aber nicht\nmehr gef\u00e4hrden: \u201eGegen Leonardo ist derzeit kein Kraut gewachsen und ich h\u00e4tte\nvoll \u00fcber mein Limit gehen m\u00fcssen um da mitzuhalten\u201c.<\/p>\n\n\n\n<figure class=\"wp-block-image\"><img loading=\"lazy\" decoding=\"async\" width=\"1024\" height=\"683\" src=\"https:\/\/alpen-tour.at\/wp-content\/uploads\/2019\/06\/AT_2019_REITERALM\u00a9RS-3373-XL-1024x683.jpg\" alt=\"\" class=\"wp-image-7815\" srcset=\"https:\/\/alpen-tour.at\/wp-content\/uploads\/2019\/06\/AT_2019_REITERALM\u00a9RS-3373-XL.jpg 1024w, https:\/\/alpen-tour.at\/wp-content\/uploads\/2019\/06\/AT_2019_REITERALM\u00a9RS-3373-XL-300x200.jpg 300w, https:\/\/alpen-tour.at\/wp-content\/uploads\/2019\/06\/AT_2019_REITERALM\u00a9RS-3373-XL-600x400.jpg 600w\" sizes=\"(max-width: 1024px) 100vw, 1024px\" \/><figcaption>Daniele Mensi vor Jochen K\u00e4\u00df (Credit: Regina Stanger)<\/figcaption><\/figure>\n\n\n\n<p>Bester \u00d6sterreicher wurde wie am ersten Tag der Vorarlberger\nDaniel Geismayr. \u201eIch habe mich irgendwie durchgerettet, genauso wie gestern.\nAls das Tempo versch\u00e4rft wurde, konnte ich nicht mehr mitgehen. Die Beine sind\nm\u00fcde, aber ich k\u00e4mpfe von Tag zu Tag und das Loch nach vorne war nicht gro\u00df und\ndeshalb ist noch vieles m\u00f6glich f\u00fcr mich\u201c, erkl\u00e4rte der Tagessiebte, der mit\neinem R\u00fcckstand von 2:20 Minuten auf den Tagessieger Paez die Ziellinie\n\u00fcberfuhr.<\/p>\n\n\n\n<p>In der Gesamtwertung f\u00fchrt Paez mit einem Vorsprung von 3:43\nvor Mensi, auf Rang drei folgt nun K\u00e4\u00df (+4:24) vor dem Teamkollegen des\nLeaders, den Kolumbianer Diego Cuervo (+ 5:02). Der Etappendritte des ersten\nTages, der Deutsche Markus Kaufmann rutschte auf Rang f\u00fcnf zur\u00fcck (+ 5:06).\nGeismayr ist als bester \u00d6sterreicher Gesamtsechster (+ 5:48).<\/p>\n","protected":false},"excerpt":{"rendered":"<p>Im Gegensatz zur Er\u00f6ffnungsetappe warteten die Favoriten auf dem zweiten Tagesabschnitt l\u00e4nger, ehe die ersten Attacken erfolgte. In einer noch gr\u00f6\u00dferen Gruppe wurde der erste Anstieg auf die Reiteralm absolviert. Erst als es in die technisch steile und schwierige Auffahrt auf die Hochwurzen ging, wurde das Tempo angezogen und erneut war es der Kolumbianer Leonardo&#8230;<\/p>\n","protected":false},"author":3,"featured_media":7827,"comment_status":"open","ping_status":"closed","sticky":false,"template":"","format":"standard","meta":{"footnotes":""},"categories":[112],"tags":[],"class_list":["post-7826","post","type-post","status-publish","format-standard","has-post-thumbnail","hentry","category-media-de"],"_links":{"self":[{"href":"https:\/\/alpen-tour.at\/de\/wp-json\/wp\/v2\/posts\/7826"}],"collection":[{"href":"https:\/\/alpen-tour.at\/de\/wp-json\/wp\/v2\/posts"}],"about":[{"href":"https:\/\/alpen-tour.at\/de\/wp-json\/wp\/v2\/types\/post"}],"author":[{"embeddable":true,"href":"https:\/\/alpen-tour.at\/de\/wp-json\/wp\/v2\/users\/3"}],"replies":[{"embeddable":true,"href":"https:\/\/alpen-tour.at\/de\/wp-json\/wp\/v2\/comments?post=7826"}],"version-history":[{"count":1,"href":"https:\/\/alpen-tour.at\/de\/wp-json\/wp\/v2\/posts\/7826\/revisions"}],"predecessor-version":[{"id":7829,"href":"https:\/\/alpen-tour.at\/de\/wp-json\/wp\/v2\/posts\/7826\/revisions\/7829"}],"wp:featuredmedia":[{"embeddable":true,"href":"https:\/\/alpen-tour.at\/de\/wp-json\/wp\/v2\/media\/7827"}],"wp:attachment":[{"href":"https:\/\/alpen-tour.at\/de\/wp-json\/wp\/v2\/media?parent=7826"}],"wp:term":[{"taxonomy":"category","embeddable":true,"href":"https:\/\/alpen-tour.at\/de\/wp-json\/wp\/v2\/categories?post=7826"},{"taxonomy":"post_tag","embeddable":true,"href":"https:\/\/alpen-tour.at\/de\/wp-json\/wp\/v2\/tags?post=7826"}],"curies":[{"name":"wp","href":"https:\/\/api.w.org\/{rel}","templated":true}]}}