{"id":7770,"date":"2019-06-04T11:52:59","date_gmt":"2019-06-04T09:52:59","guid":{"rendered":"https:\/\/alpen-tour.at\/?p=7770"},"modified":"2019-06-04T11:53:02","modified_gmt":"2019-06-04T09:53:02","slug":"lakata-und-spitz-fuehren-teilnehmerfeld-der-21-austragung-der-alpentour-trophy-an","status":"publish","type":"post","link":"https:\/\/alpen-tour.at\/de\/lakata-und-spitz-fuehren-teilnehmerfeld-der-21-austragung-der-alpentour-trophy-an\/","title":{"rendered":"Lakata und Spitz f\u00fchren Teilnehmerfeld der 21. Austragung der Alpentour Trophy an"},"content":{"rendered":"\n<p>Am Donnerstag beginnt mit der Alpentour Trophy \u00d6sterreichs gr\u00f6\u00dftes\nMountainbike-Etappenrennen. Auch die 21. Austragung findet in Schladming statt.\nKnapp 200 Kilometer, gespickt mit 9.000 H\u00f6henmeter gilt es f\u00fcr die 350\nTeilnehmer aus zirka 30 Nationen in den vier Tagen rund um den Austragungsort\nder Alpinen Skiweltmeisterschaften von 1982 und 2013 zu absolvieren. Start- und\nZiel von \u00d6sterreichs gr\u00f6\u00dftem Mountainbike-Etappenrennen ist wieder das Areal\nder Bergbahnen Schladming.<\/p>\n\n\n\n<p>Das bunte Teilnehmerfeld, Sportler aus von f\u00fcnf Kontinenten nehmen das vom\nRadsportweltverband UCI sanktionierte Rennen in Angriff, wird 2019 angef\u00fchrt\nvom dreimaligen Marathon-Weltmeister Alban Lakata. Der Osttiroler geh\u00f6rt seit\nJahrzehnten zur absoluten Weltspitze und will 2019 um den Sieg bei der Trophy\nmitfahren. \u201eIch f\u00fchle mich sehr wohl bei dem Rennen und jedes Mal \u00fcberzeugt es\nmich mit seiner entspannten und famili\u00e4ren Atmosph\u00e4re und einer tollen\nOrganisation\u201c, berichtete der mittlerweile 39-J\u00e4hrige. Seit diesem Jahr f\u00e4hrt\ner f\u00fcr das deutsche Team Bulls, bestritt f\u00fcr sie schon die Cape Epic im\nFr\u00fchjahr: \u201eEin Teamwechsel ist immer eine gro\u00dfe Umstellung. Man muss sich erst\nmal intern zurechtfinden und sich an die Farben gew\u00f6hnen. In den letzten Rennen\nwar meine Form aber stark ansteigend\u201c.<\/p>\n\n\n\n<p>Mit dem letztj\u00e4hrigen Gesamtwertungszweiten und Sieger von 2017, Daniel\nGeismayr, gibt es einen zweiten \u00d6sterreicher 2019, der auch ein W\u00f6rtchen um den\nGesamtsieg mitreden will. Der Vorarlberger, der seine Saison zweigleisig\nbestreitet, am Rennrad ist er f\u00fcr das Kontinentalteam Vorarlberg \u2013 Santic\nunterwegs, am Mountainbike f\u00fcr die deutsche Equipe Centurion \u2013 Vaude, k\u00e4mpft\nsich gerade von einer Verletzung zur\u00fcck. Bei der Tour of the Alps erlitt er\neinen Kahnbeinbruch. Die Handverletzung wurde schon operiert und so bereitet\nsich der 29-J\u00e4hrige in Livigno in der H\u00f6he auf seine Titelverteidigung vor. \u201eDa\nich jetzt l\u00e4nger keine Rennen bestreiten konnte, m\u00f6chte ich wieder in den\nRennrhythmus hineinfinden. Die Trophy wird f\u00fcr mich eine Standortbestimmung\u201c,\nerkl\u00e4rte der Vorarlberger, der die Vorz\u00fcge der kurzen Wege des viert\u00e4gigen\nEtappenrennens sch\u00e4tzt: \u201eDie Streckenf\u00fchrung ist ein Traum und auch als Amateur\nkann man hier ohne gro\u00dfen Aufwand vier Tage lang Spa\u00df haben\u201c.<\/p>\n\n\n\n<p>Mit Jochen K\u00e4\u00df, Teamkollege von Geismayr, hat ein weiterer absoluter Topstar\nder Marathon-Szene seinen Start gemeldet. Der Deutsche gewann im letzten Sommer\ndie Bike-Transalp an der Seite von Markus Kaufmann. In diesem Jahr trennten\nsich die Wege des Erfolgsduos, denn Kaufmann wechselte zu Texpa \u2013 Simplon. Die\nbeiden Deutschen sowie die \u00d6sterreicher Geismayr und Lakata sind die vier\nhei\u00dfesten Eisen der 21. Auflage bei den Herren.<\/p>\n\n\n\n<p><strong>Olympiasiegerin Sabine Spitz nimmt Trophy 2019 in Angriff<\/strong><\/p>\n\n\n\n<p>Das Elitefeld der Frauen f\u00fchrt die Grande Dame des Mountainbikesport an. Von\n2004 bis 2012 eroberte Sabine Spitz ein komplettes Medaillensortiment bestehend\naus Gold, Silber und Bronze bei Olympischen Spielen und die mittlerweile\n47-j\u00e4hrige Deutsche wurde Weltmeisterin in den Disziplinen Cross-Country als\nauch im Marathon. 2003 und 2008 wurde sie vom Europ\u00e4ischen Radverband zur\nRadsportlerin des Jahres gew\u00e4hlt. Im letzten Jahr bestritt sie in Val di Sole\nihr letztes Weltcuprennen, erkl\u00e4rte dort ihren R\u00fccktritt, aber auch\ngleichzeitig, dass sie weiterhin im Marathon-Bereich Wettbewerbe bestreiten\nwird. In einer Woche geht sie als Favoritin in die Alpentour-Trophy.<\/p>\n\n\n\n<p>\u201eSie ist eine der wahren Gr\u00f6\u00dfen in diesem Sport. Es ist grandios zu\nbeobachten, wie sie seit so vielen Jahren auf absoluten Topniveau f\u00e4hrt. Ich\nhabe viele ihrer Rennen verfolgt und umso gr\u00f6\u00dfer ist die Ehre f\u00fcr mich, mit ihr\n2019 gemeinsam am Start zu stehen\u201c, freute sich Angelika Tazreiter. Die in\nK\u00e4rnten lebende Nieder\u00f6sterreicherin ist aktuelle \u00d6sterreichische Meisterin und\ngewann vor zwei Jahren eine Etappe bei der Trophy: \u201eEin Podiumsplatz bei dieser\nstarken Besetzung w\u00e4re schon ein Traum f\u00fcr mich\u201c.<\/p>\n\n\n\n<p>Aber die Tagessiege, UCI-Punkte und Geldpr\u00e4mien stehen nicht im Vordergrund\nder 350 Teilnehmer aus der ganzen Welt. Es ist das Abenteuer Mountainbikesport,\ndass sie vereint und welches sie an den vier Tagen in Schladming gemeinsam\nerleben. Ein Drittel des Starterfeldes absolviert dabei die so genannte\nAlpentour Trophy Adventure, wo zu zweit die 200 Kilometer als Team absolviert\nwerden.\n\nDie Trophy 2019 beginnt gleich mit der l\u00e4ngsten\nund schwersten Etappe, denn schon am Er\u00f6ffnungstag geht es auf den Dachstein.\n70 Kilometer und 3.100 H\u00f6henmeter sind dabei zu absolvieren. Der zweite\nTagesabschnitt hat aufgrund der noch \u00e4u\u00dferst winterlichen Bedingungen auf den\nGiglachseen eine neue Streckenf\u00fchrung bekommen. Die Etappe verf\u00fcgt nun mit dem\nAnstieg auf die Reiteralm aber \u00fcber genauso viele H\u00f6henmeter und Kilometer. Das\nHauser Kaibling wird dann am dritten Tag erklommen, ehe am finalen Tag dann ein\n14 Kilometer langes Bergzeitfahren von der Tal- bis zur Bergstation der\nPlanai-Seilbahn die Entscheidung in der Gesamtwertung bringt.\n\n\n\n<\/p>\n","protected":false},"excerpt":{"rendered":"<p>Am Donnerstag beginnt mit der Alpentour Trophy \u00d6sterreichs gr\u00f6\u00dftes Mountainbike-Etappenrennen. Auch die 21. Austragung findet in Schladming statt. Knapp 200 Kilometer, gespickt mit 9.000 H\u00f6henmeter gilt es f\u00fcr die 350 Teilnehmer aus zirka 30 Nationen in den vier Tagen rund um den Austragungsort der Alpinen Skiweltmeisterschaften von 1982 und 2013 zu absolvieren. Start- und Ziel&#8230;<\/p>\n","protected":false},"author":3,"featured_media":7768,"comment_status":"open","ping_status":"closed","sticky":false,"template":"","format":"standard","meta":{"footnotes":""},"categories":[112],"tags":[],"class_list":["post-7770","post","type-post","status-publish","format-standard","has-post-thumbnail","hentry","category-media-de"],"_links":{"self":[{"href":"https:\/\/alpen-tour.at\/de\/wp-json\/wp\/v2\/posts\/7770"}],"collection":[{"href":"https:\/\/alpen-tour.at\/de\/wp-json\/wp\/v2\/posts"}],"about":[{"href":"https:\/\/alpen-tour.at\/de\/wp-json\/wp\/v2\/types\/post"}],"author":[{"embeddable":true,"href":"https:\/\/alpen-tour.at\/de\/wp-json\/wp\/v2\/users\/3"}],"replies":[{"embeddable":true,"href":"https:\/\/alpen-tour.at\/de\/wp-json\/wp\/v2\/comments?post=7770"}],"version-history":[{"count":1,"href":"https:\/\/alpen-tour.at\/de\/wp-json\/wp\/v2\/posts\/7770\/revisions"}],"predecessor-version":[{"id":7771,"href":"https:\/\/alpen-tour.at\/de\/wp-json\/wp\/v2\/posts\/7770\/revisions\/7771"}],"wp:featuredmedia":[{"embeddable":true,"href":"https:\/\/alpen-tour.at\/de\/wp-json\/wp\/v2\/media\/7768"}],"wp:attachment":[{"href":"https:\/\/alpen-tour.at\/de\/wp-json\/wp\/v2\/media?parent=7770"}],"wp:term":[{"taxonomy":"category","embeddable":true,"href":"https:\/\/alpen-tour.at\/de\/wp-json\/wp\/v2\/categories?post=7770"},{"taxonomy":"post_tag","embeddable":true,"href":"https:\/\/alpen-tour.at\/de\/wp-json\/wp\/v2\/tags?post=7770"}],"curies":[{"name":"wp","href":"https:\/\/api.w.org\/{rel}","templated":true}]}}