{"id":26358,"date":"2025-06-20T16:21:58","date_gmt":"2025-06-20T14:21:58","guid":{"rendered":"https:\/\/alpen-tour.at\/?p=26358"},"modified":"2025-06-20T16:48:02","modified_gmt":"2025-06-20T14:48:02","slug":"paez-und-morath-dominieren-auf-der-2-etappe","status":"publish","type":"post","link":"https:\/\/alpen-tour.at\/de\/paez-und-morath-dominieren-auf-der-2-etappe\/","title":{"rendered":"Paez und Morath dominieren auf der 2. Etappe"},"content":{"rendered":"<div><em>Mit der zweiten Etappe der Alpentour Trophy 2025 stand heute die K\u00f6nigsetappe auf dem Programm \u2013 70 Kilometer und 2.760 H\u00f6henmeter \u00fcber die Ramsau und den Rittisberg verlangten den \u00fcber 400 Starter:innen alles ab. W\u00e4hrend der kolumbianische Seriensieger\u00a0<b>H\u00e9ctor Paez<\/b>\u00a0und Europameisterin\u00a0<b>Adelheid Morath<\/b>\u00a0den Tagessieg einfuhren, sorgten\u00a0<b>Hermann Pernsteiner<\/b>\u00a0und\u00a0<b>Sabine Sommer<\/b> f\u00fcr rot-wei\u00df-rote Glanzlichter \u2013 beide belegten den zweiten Platz in der Eliteklasse.<\/em><\/div>\n<p>&nbsp;<\/p>\n<p style=\"font-weight: 400;\"><span>Auf der K\u00f6nigsetappe der Alpentour Trophy 2025 demonstrierten die Favorit:innen eindrucksvoll ihre Klasse.\u00a0<strong>H\u00e9ctor Leonardo Paez Leon<\/strong>, zweifacher Marathon-Weltmeister und vierfacher Gesamtsieger der Alpentour, nutzte die technisch anspruchsvolle Abfahrt von der T\u00fcrlwandh\u00fctte, um sich von der Spitze abzusetzen. Der Kolumbianer spielte dabei seine ganze Erfahrung im Downhill aus und baute seinen Vorsprung auf den letzten 15 Kilometern kontrolliert aus.<\/span><\/p>\n<p style=\"font-weight: 400;\"><span>Im Ziel am Planai Stadion stoppte die Uhr bei 3:09:55 Stunden \u2013 der erste Etappensieg f\u00fcr Paez bei dieser Austragung und gleichzeitig der Sprung an die Spitze der Gesamtwertung.<\/span><\/p>\n<p style=\"font-weight: 400;\"><span>\u201eChapeau an Paez \u2013 er war heute einfach st\u00e4rker. In der Abfahrt hatte ich keine Chance. Aber aufgegeben wird nicht \u2013 es kann noch viel passieren bis zur Schafalm\u201c, analysierte\u00a0<strong>Hermann Pernsteiner<\/strong>, der mit 3:11:56 Stunden starker Zweiter wurde.<\/span><\/p>\n<p style=\"font-weight: 400;\"><span>Der 34-j\u00e4hrige Nieder\u00f6sterreicher hielt \u00fcber weite Strecken des Rennens mit Paez Schritt und pr\u00e4sentierte sich erneut in beeindruckender Verfassung. Trotz des R\u00fcckstands verteidigte er souver\u00e4n seinen zweiten Gesamtrang \u2013 und bleibt erster Herausforderer im Kampf um den Gesamtsieg.<\/span><\/p>\n<p style=\"font-weight: 400;\"><span>Auch bei den Damen lie\u00df die Favoritin keine Zweifel aufkommen:\u00a0<strong>Adelheid Morath<\/strong>, amtierende MTB-Europameisterin aus Deutschland, \u00fcbernahm fr\u00fch das Kommando und kontrollierte das Rennen vom Start weg. Die anspruchsvolle Kombination aus langen Anstiegen und Hitze schien ihr nichts auszumachen \u2013 sie siegte souver\u00e4n in 3:58:07 Stunden. <\/span><span>\u201eDie Etappe hatte es in sich \u2013 vor allem die Hitze. Aber ich konnte mein Tempo fahren und die F\u00fchrung ausbauen\u201c, sagte die 39-J\u00e4hrige nach dem Rennen.<\/span><\/p>\n<p style=\"font-weight: 400;\"><span>Ein starkes Rennen zeigte auch\u00a0<strong>Sabine Sommer<\/strong>: Die Ober\u00f6sterreicherin konnte in der zweiten Rennh\u00e4lfte noch einmal zulegen und sicherte sich mit 4:06:56 Stunden verdient Rang drei. \u201eIch konnte nach dem Rittisberg nochmal Tempo machen. Mit dem dritten Platz bin ich super zufrieden \u2013 das gibt Zuversicht f\u00fcr morgen.\u201c<\/span><\/p>\n<div><span><span>Komplettiert wurde das gute Abschneiden aus \u00f6sterreichischer Sicht durch\u00a0<b>Michael <\/b><\/span><\/span><strong>Holland<\/strong>, der als 12. finishte und weiterhin in den Top 15 der Gesamtwertung liegt.<\/div>\n<div>\n<p>&nbsp;<\/p>\n<p style=\"font-weight: 400;\"><strong><span>Top-5 Etappe 2 \u2013 Elite Herren<\/span><\/strong><\/p>\n<p><span>1. H\u00e9ctor Paez (COL) \u2013 3:09:55<br \/>\n2. Hermann Pernsteiner (AUT) \u2013 3:11:56<br \/>\n3. Lorenzo Samparisi (ITA) \u2013 3:14:15<br \/>\n4. Sascha Weber (GER) \u2013 3:14:39<br \/>\n5. Marek Rauchfuss (CZE) \u2013 3:14:54<\/span><\/p>\n<p style=\"font-weight: 400;\"><strong><span>Top-5 Etappe 2 \u2013 Elite Damen<\/span><\/strong><\/p>\n<p><span>1. Adelheid Morath (GER) \u2013 3:58:07<br \/>\n2. Milena Kala\u0161ov\u00e1 (CZE) \u2013 4:06:35<br \/>\n3. Sabine Sommer (AUT) \u2013 4:06:56<br \/>\n4. Tereza Tvar\u016f\u017ekov\u00e1 (CZE) \u2013 4:09:07<br \/>\n5. Daniela H\u00f6fler (GER) \u2013 4:11:35<\/span><\/p>\n<p style=\"font-weight: 400;\"><strong><span>Gesamtwertung nach 2 Etappen<\/span><\/strong><\/p>\n<p style=\"font-weight: 400;\"><span>Elite Herren:<br \/>\n1. H\u00e9ctor Paez (COL) \u2013 6:23:36<br \/>\n2. Hermann Pernsteiner (AUT) \u2013 +2:01<br \/>\n3. Lorenzo Samparisi (ITA) \u2013 +4:54<\/span><\/p>\n<p>Elite Damen:<br \/>\n1. Adelheid Morath (GER) \u2013 7:52:43<br \/>\n2. Milena Kala\u0161ov\u00e1 (CZE) \u2013 +12:42<br \/>\n3. Sabine Sommer (AUT) \u2013 +13:24<\/p>\n<p><span><b><span style=\"font-weight: 400;\">Die morgige dritte Etappe f\u00fchrt \u00fcber 59 Kilometer und 2.580 H\u00f6henmeter auf die Reiteralm. Der Start erfolgt wie gewohnt um 10:00 Uhr am Hauptplatz Schladming. Das Ziel liegt erneut im Planai Stadion. F\u00fcr Spannung im Kampf um den Gesamtsieg \u00a0ist gesorgt \u2013 insbesondere das Duell Paez vs. Pernsteiner verspricht Hochspannung.<\/span><\/b><\/span><\/p>\n<p>Parallel dazu findet mit dem City Sprint ein Nachwuchsevent am Hauptplatz statt, bei dem Kinder und Jugendliche ab drei Jahren in verschiedenen Kategorien gegeneinander antreten. Start ist um 10:30 Uhr.<br \/>\nAu\u00dferdem steigt zum zweiten Mal der One Day Alpentour Marathon mit drei unterschiedlichen Distanzen (13 km, 31 km, 59 km) f\u00fcr Hobby- und Amateurfahrer:innen.<\/p>\n<\/div>\n<div><\/div>\n","protected":false},"excerpt":{"rendered":"<p>Mit der zweiten Etappe der Alpentour Trophy 2025 stand heute die K\u00f6nigsetappe auf dem Programm \u2013 70 Kilometer und 2.760 H\u00f6henmeter \u00fcber die Ramsau und den Rittisberg verlangten den \u00fcber 400 Starter:innen alles ab. W\u00e4hrend der kolumbianische Seriensieger\u00a0H\u00e9ctor Paez\u00a0und Europameisterin\u00a0Adelheid Morath\u00a0den Tagessieg einfuhren, sorgten\u00a0Hermann Pernsteiner\u00a0und\u00a0Sabine Sommer f\u00fcr rot-wei\u00df-rote Glanzlichter \u2013 beide belegten den zweiten Platz&#8230;<\/p>\n","protected":false},"author":8,"featured_media":26361,"comment_status":"closed","ping_status":"closed","sticky":false,"template":"","format":"standard","meta":{"footnotes":""},"categories":[37],"tags":[],"class_list":["post-26358","post","type-post","status-publish","format-standard","has-post-thumbnail","hentry","category-unkategorisiert"],"_links":{"self":[{"href":"https:\/\/alpen-tour.at\/de\/wp-json\/wp\/v2\/posts\/26358"}],"collection":[{"href":"https:\/\/alpen-tour.at\/de\/wp-json\/wp\/v2\/posts"}],"about":[{"href":"https:\/\/alpen-tour.at\/de\/wp-json\/wp\/v2\/types\/post"}],"author":[{"embeddable":true,"href":"https:\/\/alpen-tour.at\/de\/wp-json\/wp\/v2\/users\/8"}],"replies":[{"embeddable":true,"href":"https:\/\/alpen-tour.at\/de\/wp-json\/wp\/v2\/comments?post=26358"}],"version-history":[{"count":2,"href":"https:\/\/alpen-tour.at\/de\/wp-json\/wp\/v2\/posts\/26358\/revisions"}],"predecessor-version":[{"id":26376,"href":"https:\/\/alpen-tour.at\/de\/wp-json\/wp\/v2\/posts\/26358\/revisions\/26376"}],"wp:featuredmedia":[{"embeddable":true,"href":"https:\/\/alpen-tour.at\/de\/wp-json\/wp\/v2\/media\/26361"}],"wp:attachment":[{"href":"https:\/\/alpen-tour.at\/de\/wp-json\/wp\/v2\/media?parent=26358"}],"wp:term":[{"taxonomy":"category","embeddable":true,"href":"https:\/\/alpen-tour.at\/de\/wp-json\/wp\/v2\/categories?post=26358"},{"taxonomy":"post_tag","embeddable":true,"href":"https:\/\/alpen-tour.at\/de\/wp-json\/wp\/v2\/tags?post=26358"}],"curies":[{"name":"wp","href":"https:\/\/api.w.org\/{rel}","templated":true}]}}