{"id":22529,"date":"2024-06-22T16:06:01","date_gmt":"2024-06-22T14:06:01","guid":{"rendered":"https:\/\/alpen-tour.at\/?p=22529"},"modified":"2024-06-23T16:40:13","modified_gmt":"2024-06-23T14:40:13","slug":"paez-und-morath-holen-dritten-tagessieg-in-folg","status":"publish","type":"post","link":"https:\/\/alpen-tour.at\/de\/paez-und-morath-holen-dritten-tagessieg-in-folg\/","title":{"rendered":"Paez und Morath holen dritten Tagessieg in Folge"},"content":{"rendered":"<p>\u201eIch kann mit dem Tag mehr als zufrieden sein. Aus einer Sechser-Gruppe heraus konnte ich mich absetzen, den Vorsprung kontinuierlich ausbauen und erneut ins Ziel bringen. Sofern morgen nichts mehr passiert, sollte sich der dritte Gesamtsieg bei der Alpentour Trophy also ausgehen\u201c, grinste Paez nach dem Rennen erleichtert.<span class=\"Apple-converted-space\">\u00a0<\/span><\/p>\n<p>Der 40-j\u00e4hrige Kolumbianer fuhr am Samstag in einer Zeit von 2:45,00 Stunden den dritten Tagessieg in Folge ein, mit knapp einer Minute R\u00fcckstand holte sich der Tscheche Filip Rydval Platz zwei (2:45,48), Dritter wurde Diego Cuervo (COL\/2:46,23). Als bester heimischer Fahrer klassierte sich Michael Holland an 15. Stelle (2:58,33), er verteidigte damit das Energie Steiermark-Trikot des besten \u00d6sterreichers.<span class=\"Apple-converted-space\">\u00a0<\/span><\/p>\n<p>Bei den Frauen war die Deutsche Adelheid Morath wieder eine Klasse f\u00fcr sich. Sie machte es Paez gleich und eroberte in einer Zeit von 3:31,17 Stunden ebenfalls den dritten Tagessieg in Serie, vor den beiden Tschechinnen Milena Kala\u0161ov\u00e0 (3:34,45) und Karla L\u00f6ffelmann (3:38,09).<span class=\"Apple-converted-space\">\u00a0<\/span><\/p>\n<p>Vor dem abschlie\u00dfenden Bergzeitfahren morgen Sonntag scheint die Entscheidung um den Gesamtsieg sowohl bei der Damen-Elite, als auch bei den Herren bereits gefallen zu sein. Paez liegt 6:30 Minuten vor Rydval, Morath hat sogar ein Polster von fast 16 Minuten auf ihre erste Verfolgerin im Gesamtklassement, Kala\u0161ov\u00e0.<span class=\"Apple-converted-space\">\u00a0<\/span><\/p>\n<p>Der finale Kampf gegen die Uhr beginnt morgen um 9:15 Uhr, vom Hauptplatz Schladming geht es \u00fcber 11 km und 1100 H\u00f6henmeter hinauf auf die Schafalm.<\/p>\n<p><b>Premiere &amp; herziger City Sprint<\/b><\/p>\n<p>\u00dcber viele Teilnehmer:innen durften sich die Organisatoren bei der Premiere des \u201eOne Day-Alpentour Marathon\u201c freuen. Fast 100 Biker:innen nahmen am Samstag das neue Angebot, ein Tagesrennen \u00fcber drei unterschiedliche Distanzen zu bestreiten, in Angriff.<span class=\"Apple-converted-space\">\u00a0<\/span><\/p>\n<p>Einen Teilnehmerrekord verzeichnete auch die zweite Auflage des City Sprint f\u00fcr Kids und Jugendliche. 125 kleine Nachwuchsfahrer:innen fighteten in diversen Ausscheidungsrennen und sorgten mit ihrem k\u00e4mpferischen Einsatz und ihrer Freude am Wettbewerb f\u00fcr lachende Gesichter und herzerw\u00e4rmende Momente bei den Zuschauern.<span class=\"Apple-converted-space\">\u00a0<\/span><\/p>\n<p>\u201eUns ist es auch wichtig ein Zeichen f\u00fcr den Nachwuchs zu setzen. Wenn man den Kleinsten schon die Freude am Radsport vermittelt, kann das nur positiv sein. Vor allem hat uns der immense Ansturm \u00fcberw\u00e4ltigt, es waren dreimal so viele wie letztes Jahr am Start, da sieht man wieder, wie gut solche Initiaven angenommen werden\u201c, zeigte sich Organisatorin Regina Stanger \u00fcberaus erfreut.<span class=\"Apple-converted-space\">\u00a0<\/span><\/p>\n","protected":false},"excerpt":{"rendered":"<p>\u201eIch kann mit dem Tag mehr als zufrieden sein. Aus einer Sechser-Gruppe heraus konnte ich mich absetzen, den Vorsprung kontinuierlich ausbauen und erneut ins Ziel bringen. Sofern morgen nichts mehr passiert, sollte sich der dritte Gesamtsieg bei der Alpentour Trophy also ausgehen\u201c, grinste Paez nach dem Rennen erleichtert.\u00a0 Der 40-j\u00e4hrige Kolumbianer fuhr am Samstag in&#8230;<\/p>\n","protected":false},"author":8,"featured_media":22532,"comment_status":"closed","ping_status":"closed","sticky":false,"template":"","format":"standard","meta":{"footnotes":""},"categories":[37],"tags":[],"class_list":["post-22529","post","type-post","status-publish","format-standard","has-post-thumbnail","hentry","category-unkategorisiert"],"_links":{"self":[{"href":"https:\/\/alpen-tour.at\/de\/wp-json\/wp\/v2\/posts\/22529"}],"collection":[{"href":"https:\/\/alpen-tour.at\/de\/wp-json\/wp\/v2\/posts"}],"about":[{"href":"https:\/\/alpen-tour.at\/de\/wp-json\/wp\/v2\/types\/post"}],"author":[{"embeddable":true,"href":"https:\/\/alpen-tour.at\/de\/wp-json\/wp\/v2\/users\/8"}],"replies":[{"embeddable":true,"href":"https:\/\/alpen-tour.at\/de\/wp-json\/wp\/v2\/comments?post=22529"}],"version-history":[{"count":2,"href":"https:\/\/alpen-tour.at\/de\/wp-json\/wp\/v2\/posts\/22529\/revisions"}],"predecessor-version":[{"id":22707,"href":"https:\/\/alpen-tour.at\/de\/wp-json\/wp\/v2\/posts\/22529\/revisions\/22707"}],"wp:featuredmedia":[{"embeddable":true,"href":"https:\/\/alpen-tour.at\/de\/wp-json\/wp\/v2\/media\/22532"}],"wp:attachment":[{"href":"https:\/\/alpen-tour.at\/de\/wp-json\/wp\/v2\/media?parent=22529"}],"wp:term":[{"taxonomy":"category","embeddable":true,"href":"https:\/\/alpen-tour.at\/de\/wp-json\/wp\/v2\/categories?post=22529"},{"taxonomy":"post_tag","embeddable":true,"href":"https:\/\/alpen-tour.at\/de\/wp-json\/wp\/v2\/tags?post=22529"}],"curies":[{"name":"wp","href":"https:\/\/api.w.org\/{rel}","templated":true}]}}